{"id":130,"date":"2019-07-23T11:15:50","date_gmt":"2019-07-23T09:15:50","guid":{"rendered":"http:\/\/www.medisocial.it\/annapaolacavalieri\/?p=130"},"modified":"2019-10-25T16:36:09","modified_gmt":"2019-10-25T14:36:09","slug":"comunita-santegidio","status":"publish","type":"post","link":"https:\/\/www.medisocial.it\/annapaolacavalieri\/2019\/07\/23\/comunita-santegidio\/","title":{"rendered":"Comunit\u00e0 di Sant\u2019Egidio"},"content":{"rendered":"<p>La Comunit\u00e0 di Sant\u2019Egidio \u00e8 una Comunit\u00e0 cristiana nata nel 1968, all\u2019indomani del Concilio Vaticano II, per iniziativa di Andrea Riccardi, in un liceo del centro di Roma. Con gli anni \u00e8 divenuta una rete di comunit\u00e0 che, in pi\u00f9 di 70 paesi del mondo, con una particolare attenzione alle periferie e ai periferici, raccoglie uomini e donne di ogni et\u00e0 e condizione, uniti da un legame di fraternit\u00e0 nell\u2019ascolto del Vangelo e nell\u2019impegno volontario e gratuito per i poveri e per la pace.<\/p>\n<p>In questo contesto la Dott.ssa Cavalieri aiuta la comunit\u00e0 nell&#8217;assistenza ginecologica alle donne che la frequentano.<\/p>\n<p>I poveri sono i fratelli e gli amici della Comunit\u00e0. L\u2019amicizia con chiunque si trovi nel bisogno &#8211; anziani, senza dimora, migranti, disabili, detenuti, bambini di strada e delle periferie \u2013 \u00e8 tratto caratteristico della vita di chi partecipa a Sant\u2019Egidio.<\/p>\n<p>Per entrare in contatto con la Comunit\u00e0 di Sant&#8217;Egidio, vai sul sito <a href=\"https:\/\/www.santegidio.org\/\">https:\/\/www.santegidio.org<\/a>.<\/p>\n","protected":false},"excerpt":{"rendered":"<p>La Comunit\u00e0 di Sant\u2019Egidio \u00e8 una Comunit\u00e0 cristiana nata nel 1968, all\u2019indomani del Concilio Vaticano II, per iniziativa di Andrea Riccardi, in un liceo del centro di Roma. Con gli anni \u00e8 divenuta una rete di comunit\u00e0 che, in pi\u00f9 di 70 paesi del mondo, con una particolare attenzione alle periferie e ai periferici, raccoglie [&hellip;]<\/p>\n","protected":false},"author":1,"featured_media":184,"comment_status":"open","ping_status":"open","sticky":false,"template":"","format":"standard","meta":{"_monsterinsights_skip_tracking":false,"_monsterinsights_sitenote_active":false,"_monsterinsights_sitenote_note":"","_monsterinsights_sitenote_category":0,"footnotes":""},"categories":[9],"tags":[],"yoast_head":"<!-- This site is optimized with the Yoast SEO plugin v23.5 - https:\/\/yoast.com\/wordpress\/plugins\/seo\/ -->\n<title>Comunit\u00e0 di Sant\u2019Egidio - Dott.ssa Anna Paola Cavalieri<\/title>\n<meta name=\"robots\" content=\"index, follow, max-snippet:-1, max-image-preview:large, max-video-preview:-1\" \/>\n<link rel=\"canonical\" href=\"https:\/\/www.medisocial.it\/annapaolacavalieri\/2019\/07\/23\/comunita-santegidio\/\" \/>\n<meta property=\"og:locale\" content=\"it_IT\" \/>\n<meta property=\"og:type\" content=\"article\" \/>\n<meta property=\"og:title\" content=\"Comunit\u00e0 di Sant\u2019Egidio - Dott.ssa Anna Paola Cavalieri\" \/>\n<meta property=\"og:description\" content=\"La Comunit\u00e0 di Sant\u2019Egidio \u00e8 una Comunit\u00e0 cristiana nata nel 1968, all\u2019indomani del Concilio Vaticano II, per iniziativa di Andrea Riccardi, in un liceo del centro di Roma. Con gli anni \u00e8 divenuta una rete di comunit\u00e0 che, in pi\u00f9 di 70 paesi del mondo, con una particolare attenzione alle periferie e ai periferici, raccoglie [&hellip;]\" \/>\n<meta property=\"og:url\" content=\"https:\/\/www.medisocial.it\/annapaolacavalieri\/2019\/07\/23\/comunita-santegidio\/\" \/>\n<meta property=\"og:site_name\" content=\"Dott.ssa Anna Paola Cavalieri\" \/>\n<meta property=\"article:published_time\" content=\"2019-07-23T09:15:50+00:00\" \/>\n<meta property=\"article:modified_time\" content=\"2019-10-25T14:36:09+00:00\" \/>\n<meta property=\"og:image\" content=\"https:\/\/www.medisocial.it\/annapaolacavalieri\/wp-content\/uploads\/2019\/07\/comunita-santegidio2.jpg\" \/>\n\t<meta property=\"og:image:width\" content=\"750\" \/>\n\t<meta property=\"og:image:height\" content=\"410\" \/>\n\t<meta property=\"og:image:type\" content=\"image\/jpeg\" \/>\n<meta name=\"author\" content=\"medisocial\" \/>\n<meta name=\"twitter:card\" content=\"summary_large_image\" \/>\n<meta name=\"twitter:label1\" content=\"Scritto da\" \/>\n\t<meta name=\"twitter:data1\" content=\"medisocial\" \/>\n\t<meta name=\"twitter:label2\" content=\"Tempo di lettura stimato\" \/>\n\t<meta name=\"twitter:data2\" content=\"1 minuto\" \/>\n<script type=\"application\/ld+json\" class=\"yoast-schema-graph\">{\"@context\":\"https:\/\/schema.org\",\"@graph\":[{\"@type\":\"Article\",\"@id\":\"https:\/\/www.medisocial.it\/annapaolacavalieri\/2019\/07\/23\/comunita-santegidio\/#article\",\"isPartOf\":{\"@id\":\"https:\/\/www.medisocial.it\/annapaolacavalieri\/2019\/07\/23\/comunita-santegidio\/\"},\"author\":{\"name\":\"medisocial\",\"@id\":\"https:\/\/www.medisocial.it\/annapaolacavalieri\/#\/schema\/person\/1cd0bfb9ce49bd43804584df39ef2c91\"},\"headline\":\"Comunit\u00e0 di Sant\u2019Egidio\",\"datePublished\":\"2019-07-23T09:15:50+00:00\",\"dateModified\":\"2019-10-25T14:36:09+00:00\",\"mainEntityOfPage\":{\"@id\":\"https:\/\/www.medisocial.it\/annapaolacavalieri\/2019\/07\/23\/comunita-santegidio\/\"},\"wordCount\":164,\"commentCount\":0,\"publisher\":{\"@id\":\"https:\/\/www.medisocial.it\/annapaolacavalieri\/#organization\"},\"image\":{\"@id\":\"https:\/\/www.medisocial.it\/annapaolacavalieri\/2019\/07\/23\/comunita-santegidio\/#primaryimage\"},\"thumbnailUrl\":\"https:\/\/www.medisocial.it\/annapaolacavalieri\/wp-content\/uploads\/2019\/07\/comunita-santegidio2.jpg\",\"articleSection\":[\"Progetti Speciali\"],\"inLanguage\":\"it-IT\",\"potentialAction\":[{\"@type\":\"CommentAction\",\"name\":\"Comment\",\"target\":[\"https:\/\/www.medisocial.it\/annapaolacavalieri\/2019\/07\/23\/comunita-santegidio\/#respond\"]}]},{\"@type\":\"WebPage\",\"@id\":\"https:\/\/www.medisocial.it\/annapaolacavalieri\/2019\/07\/23\/comunita-santegidio\/\",\"url\":\"https:\/\/www.medisocial.it\/annapaolacavalieri\/2019\/07\/23\/comunita-santegidio\/\",\"name\":\"Comunit\u00e0 di Sant\u2019Egidio - Dott.ssa Anna Paola Cavalieri\",\"isPartOf\":{\"@id\":\"https:\/\/www.medisocial.it\/annapaolacavalieri\/#website\"},\"primaryImageOfPage\":{\"@id\":\"https:\/\/www.medisocial.it\/annapaolacavalieri\/2019\/07\/23\/comunita-santegidio\/#primaryimage\"},\"image\":{\"@id\":\"https:\/\/www.medisocial.it\/annapaolacavalieri\/2019\/07\/23\/comunita-santegidio\/#primaryimage\"},\"thumbnailUrl\":\"https:\/\/www.medisocial.it\/annapaolacavalieri\/wp-content\/uploads\/2019\/07\/comunita-santegidio2.jpg\",\"datePublished\":\"2019-07-23T09:15:50+00:00\",\"dateModified\":\"2019-10-25T14:36:09+00:00\",\"breadcrumb\":{\"@id\":\"https:\/\/www.medisocial.it\/annapaolacavalieri\/2019\/07\/23\/comunita-santegidio\/#breadcrumb\"},\"inLanguage\":\"it-IT\",\"potentialAction\":[{\"@type\":\"ReadAction\",\"target\":[\"https:\/\/www.medisocial.it\/annapaolacavalieri\/2019\/07\/23\/comunita-santegidio\/\"]}]},{\"@type\":\"ImageObject\",\"inLanguage\":\"it-IT\",\"@id\":\"https:\/\/www.medisocial.it\/annapaolacavalieri\/2019\/07\/23\/comunita-santegidio\/#primaryimage\",\"url\":\"https:\/\/www.medisocial.it\/annapaolacavalieri\/wp-content\/uploads\/2019\/07\/comunita-santegidio2.jpg\",\"contentUrl\":\"https:\/\/www.medisocial.it\/annapaolacavalieri\/wp-content\/uploads\/2019\/07\/comunita-santegidio2.jpg\",\"width\":750,\"height\":410,\"caption\":\"comunita-santegidio\"},{\"@type\":\"BreadcrumbList\",\"@id\":\"https:\/\/www.medisocial.it\/annapaolacavalieri\/2019\/07\/23\/comunita-santegidio\/#breadcrumb\",\"itemListElement\":[{\"@type\":\"ListItem\",\"position\":1,\"name\":\"Home\",\"item\":\"https:\/\/www.medisocial.it\/annapaolacavalieri\/\"},{\"@type\":\"ListItem\",\"position\":2,\"name\":\"Comunit\u00e0 di Sant\u2019Egidio\"}]},{\"@type\":\"WebSite\",\"@id\":\"https:\/\/www.medisocial.it\/annapaolacavalieri\/#website\",\"url\":\"https:\/\/www.medisocial.it\/annapaolacavalieri\/\",\"name\":\"Dott.ssa Anna Paola Cavalieri\",\"description\":\"Specialista in Ostetricia e Ginecologia - Roma\",\"publisher\":{\"@id\":\"https:\/\/www.medisocial.it\/annapaolacavalieri\/#organization\"},\"potentialAction\":[{\"@type\":\"SearchAction\",\"target\":{\"@type\":\"EntryPoint\",\"urlTemplate\":\"https:\/\/www.medisocial.it\/annapaolacavalieri\/?s={search_term_string}\"},\"query-input\":{\"@type\":\"PropertyValueSpecification\",\"valueRequired\":true,\"valueName\":\"search_term_string\"}}],\"inLanguage\":\"it-IT\"},{\"@type\":\"Organization\",\"@id\":\"https:\/\/www.medisocial.it\/annapaolacavalieri\/#organization\",\"name\":\"Dott.ssa Anna Paola Cavalieri\",\"url\":\"https:\/\/www.medisocial.it\/annapaolacavalieri\/\",\"logo\":{\"@type\":\"ImageObject\",\"inLanguage\":\"it-IT\",\"@id\":\"https:\/\/www.medisocial.it\/annapaolacavalieri\/#\/schema\/logo\/image\/\",\"url\":\"https:\/\/www.medisocial.it\/annapaolacavalieri\/wp-content\/uploads\/2019\/06\/logo7.jpg\",\"contentUrl\":\"https:\/\/www.medisocial.it\/annapaolacavalieri\/wp-content\/uploads\/2019\/06\/logo7.jpg\",\"width\":242,\"height\":99,\"caption\":\"Dott.ssa Anna Paola Cavalieri\"},\"image\":{\"@id\":\"https:\/\/www.medisocial.it\/annapaolacavalieri\/#\/schema\/logo\/image\/\"}},{\"@type\":\"Person\",\"@id\":\"https:\/\/www.medisocial.it\/annapaolacavalieri\/#\/schema\/person\/1cd0bfb9ce49bd43804584df39ef2c91\",\"name\":\"medisocial\",\"image\":{\"@type\":\"ImageObject\",\"inLanguage\":\"it-IT\",\"@id\":\"https:\/\/www.medisocial.it\/annapaolacavalieri\/#\/schema\/person\/image\/\",\"url\":\"https:\/\/secure.gravatar.com\/avatar\/efa9393110d3610a15f45429c6613084?s=96&d=mm&r=g\",\"contentUrl\":\"https:\/\/secure.gravatar.com\/avatar\/efa9393110d3610a15f45429c6613084?s=96&d=mm&r=g\",\"caption\":\"medisocial\"}}]}<\/script>\n<!-- \/ Yoast SEO plugin. -->","yoast_head_json":{"title":"Comunit\u00e0 di Sant\u2019Egidio - Dott.ssa Anna Paola Cavalieri","robots":{"index":"index","follow":"follow","max-snippet":"max-snippet:-1","max-image-preview":"max-image-preview:large","max-video-preview":"max-video-preview:-1"},"canonical":"https:\/\/www.medisocial.it\/annapaolacavalieri\/2019\/07\/23\/comunita-santegidio\/","og_locale":"it_IT","og_type":"article","og_title":"Comunit\u00e0 di Sant\u2019Egidio - Dott.ssa Anna Paola Cavalieri","og_description":"La Comunit\u00e0 di Sant\u2019Egidio \u00e8 una Comunit\u00e0 cristiana nata nel 1968, all\u2019indomani del Concilio Vaticano II, per iniziativa di Andrea Riccardi, in un liceo del centro di Roma. Con gli anni \u00e8 divenuta una rete di comunit\u00e0 che, in pi\u00f9 di 70 paesi del mondo, con una particolare attenzione alle periferie e ai periferici, raccoglie [&hellip;]","og_url":"https:\/\/www.medisocial.it\/annapaolacavalieri\/2019\/07\/23\/comunita-santegidio\/","og_site_name":"Dott.ssa Anna Paola Cavalieri","article_published_time":"2019-07-23T09:15:50+00:00","article_modified_time":"2019-10-25T14:36:09+00:00","og_image":[{"width":750,"height":410,"url":"https:\/\/www.medisocial.it\/annapaolacavalieri\/wp-content\/uploads\/2019\/07\/comunita-santegidio2.jpg","type":"image\/jpeg"}],"author":"medisocial","twitter_card":"summary_large_image","twitter_misc":{"Scritto da":"medisocial","Tempo di lettura stimato":"1 minuto"},"schema":{"@context":"https:\/\/schema.org","@graph":[{"@type":"Article","@id":"https:\/\/www.medisocial.it\/annapaolacavalieri\/2019\/07\/23\/comunita-santegidio\/#article","isPartOf":{"@id":"https:\/\/www.medisocial.it\/annapaolacavalieri\/2019\/07\/23\/comunita-santegidio\/"},"author":{"name":"medisocial","@id":"https:\/\/www.medisocial.it\/annapaolacavalieri\/#\/schema\/person\/1cd0bfb9ce49bd43804584df39ef2c91"},"headline":"Comunit\u00e0 di Sant\u2019Egidio","datePublished":"2019-07-23T09:15:50+00:00","dateModified":"2019-10-25T14:36:09+00:00","mainEntityOfPage":{"@id":"https:\/\/www.medisocial.it\/annapaolacavalieri\/2019\/07\/23\/comunita-santegidio\/"},"wordCount":164,"commentCount":0,"publisher":{"@id":"https:\/\/www.medisocial.it\/annapaolacavalieri\/#organization"},"image":{"@id":"https:\/\/www.medisocial.it\/annapaolacavalieri\/2019\/07\/23\/comunita-santegidio\/#primaryimage"},"thumbnailUrl":"https:\/\/www.medisocial.it\/annapaolacavalieri\/wp-content\/uploads\/2019\/07\/comunita-santegidio2.jpg","articleSection":["Progetti Speciali"],"inLanguage":"it-IT","potentialAction":[{"@type":"CommentAction","name":"Comment","target":["https:\/\/www.medisocial.it\/annapaolacavalieri\/2019\/07\/23\/comunita-santegidio\/#respond"]}]},{"@type":"WebPage","@id":"https:\/\/www.medisocial.it\/annapaolacavalieri\/2019\/07\/23\/comunita-santegidio\/","url":"https:\/\/www.medisocial.it\/annapaolacavalieri\/2019\/07\/23\/comunita-santegidio\/","name":"Comunit\u00e0 di Sant\u2019Egidio - Dott.ssa Anna Paola Cavalieri","isPartOf":{"@id":"https:\/\/www.medisocial.it\/annapaolacavalieri\/#website"},"primaryImageOfPage":{"@id":"https:\/\/www.medisocial.it\/annapaolacavalieri\/2019\/07\/23\/comunita-santegidio\/#primaryimage"},"image":{"@id":"https:\/\/www.medisocial.it\/annapaolacavalieri\/2019\/07\/23\/comunita-santegidio\/#primaryimage"},"thumbnailUrl":"https:\/\/www.medisocial.it\/annapaolacavalieri\/wp-content\/uploads\/2019\/07\/comunita-santegidio2.jpg","datePublished":"2019-07-23T09:15:50+00:00","dateModified":"2019-10-25T14:36:09+00:00","breadcrumb":{"@id":"https:\/\/www.medisocial.it\/annapaolacavalieri\/2019\/07\/23\/comunita-santegidio\/#breadcrumb"},"inLanguage":"it-IT","potentialAction":[{"@type":"ReadAction","target":["https:\/\/www.medisocial.it\/annapaolacavalieri\/2019\/07\/23\/comunita-santegidio\/"]}]},{"@type":"ImageObject","inLanguage":"it-IT","@id":"https:\/\/www.medisocial.it\/annapaolacavalieri\/2019\/07\/23\/comunita-santegidio\/#primaryimage","url":"https:\/\/www.medisocial.it\/annapaolacavalieri\/wp-content\/uploads\/2019\/07\/comunita-santegidio2.jpg","contentUrl":"https:\/\/www.medisocial.it\/annapaolacavalieri\/wp-content\/uploads\/2019\/07\/comunita-santegidio2.jpg","width":750,"height":410,"caption":"comunita-santegidio"},{"@type":"BreadcrumbList","@id":"https:\/\/www.medisocial.it\/annapaolacavalieri\/2019\/07\/23\/comunita-santegidio\/#breadcrumb","itemListElement":[{"@type":"ListItem","position":1,"name":"Home","item":"https:\/\/www.medisocial.it\/annapaolacavalieri\/"},{"@type":"ListItem","position":2,"name":"Comunit\u00e0 di Sant\u2019Egidio"}]},{"@type":"WebSite","@id":"https:\/\/www.medisocial.it\/annapaolacavalieri\/#website","url":"https:\/\/www.medisocial.it\/annapaolacavalieri\/","name":"Dott.ssa Anna Paola Cavalieri","description":"Specialista in Ostetricia e Ginecologia - Roma","publisher":{"@id":"https:\/\/www.medisocial.it\/annapaolacavalieri\/#organization"},"potentialAction":[{"@type":"SearchAction","target":{"@type":"EntryPoint","urlTemplate":"https:\/\/www.medisocial.it\/annapaolacavalieri\/?s={search_term_string}"},"query-input":{"@type":"PropertyValueSpecification","valueRequired":true,"valueName":"search_term_string"}}],"inLanguage":"it-IT"},{"@type":"Organization","@id":"https:\/\/www.medisocial.it\/annapaolacavalieri\/#organization","name":"Dott.ssa Anna Paola Cavalieri","url":"https:\/\/www.medisocial.it\/annapaolacavalieri\/","logo":{"@type":"ImageObject","inLanguage":"it-IT","@id":"https:\/\/www.medisocial.it\/annapaolacavalieri\/#\/schema\/logo\/image\/","url":"https:\/\/www.medisocial.it\/annapaolacavalieri\/wp-content\/uploads\/2019\/06\/logo7.jpg","contentUrl":"https:\/\/www.medisocial.it\/annapaolacavalieri\/wp-content\/uploads\/2019\/06\/logo7.jpg","width":242,"height":99,"caption":"Dott.ssa Anna Paola Cavalieri"},"image":{"@id":"https:\/\/www.medisocial.it\/annapaolacavalieri\/#\/schema\/logo\/image\/"}},{"@type":"Person","@id":"https:\/\/www.medisocial.it\/annapaolacavalieri\/#\/schema\/person\/1cd0bfb9ce49bd43804584df39ef2c91","name":"medisocial","image":{"@type":"ImageObject","inLanguage":"it-IT","@id":"https:\/\/www.medisocial.it\/annapaolacavalieri\/#\/schema\/person\/image\/","url":"https:\/\/secure.gravatar.com\/avatar\/efa9393110d3610a15f45429c6613084?s=96&d=mm&r=g","contentUrl":"https:\/\/secure.gravatar.com\/avatar\/efa9393110d3610a15f45429c6613084?s=96&d=mm&r=g","caption":"medisocial"}}]}},"_links":{"self":[{"href":"https:\/\/www.medisocial.it\/annapaolacavalieri\/wp-json\/wp\/v2\/posts\/130"}],"collection":[{"href":"https:\/\/www.medisocial.it\/annapaolacavalieri\/wp-json\/wp\/v2\/posts"}],"about":[{"href":"https:\/\/www.medisocial.it\/annapaolacavalieri\/wp-json\/wp\/v2\/types\/post"}],"author":[{"embeddable":true,"href":"https:\/\/www.medisocial.it\/annapaolacavalieri\/wp-json\/wp\/v2\/users\/1"}],"replies":[{"embeddable":true,"href":"https:\/\/www.medisocial.it\/annapaolacavalieri\/wp-json\/wp\/v2\/comments?post=130"}],"version-history":[{"count":3,"href":"https:\/\/www.medisocial.it\/annapaolacavalieri\/wp-json\/wp\/v2\/posts\/130\/revisions"}],"predecessor-version":[{"id":186,"href":"https:\/\/www.medisocial.it\/annapaolacavalieri\/wp-json\/wp\/v2\/posts\/130\/revisions\/186"}],"wp:featuredmedia":[{"embeddable":true,"href":"https:\/\/www.medisocial.it\/annapaolacavalieri\/wp-json\/wp\/v2\/media\/184"}],"wp:attachment":[{"href":"https:\/\/www.medisocial.it\/annapaolacavalieri\/wp-json\/wp\/v2\/media?parent=130"}],"wp:term":[{"taxonomy":"category","embeddable":true,"href":"https:\/\/www.medisocial.it\/annapaolacavalieri\/wp-json\/wp\/v2\/categories?post=130"},{"taxonomy":"post_tag","embeddable":true,"href":"https:\/\/www.medisocial.it\/annapaolacavalieri\/wp-json\/wp\/v2\/tags?post=130"}],"curies":[{"name":"wp","href":"https:\/\/api.w.org\/{rel}","templated":true}]}}